{"id":4390,"date":"2008-10-30T17:21:00","date_gmt":"2008-10-30T17:21:00","guid":{"rendered":"https:\/\/www.sternwarte.it\/il-cielo-stellato-di-novembre-2008\/"},"modified":"2023-12-14T18:07:09","modified_gmt":"2023-12-14T18:07:09","slug":"il-cielo-stellato-di-novembre-2008","status":"publish","type":"post","link":"https:\/\/www.sternwarte.it\/it\/il-cielo-stellato-di-novembre-2008\/","title":{"rendered":"Il cielo stellato di novembre 2008"},"content":{"rendered":"\t\t<div data-elementor-type=\"wp-post\" data-elementor-id=\"4390\" class=\"elementor elementor-4390 elementor-4381\" data-elementor-post-type=\"post\">\n\t\t\t\t\t\t\t\t\t<section class=\"ob-is-breaking-bad elementor-section elementor-top-section elementor-element elementor-element-3f9b83b4 elementor-section-boxed elementor-section-height-default elementor-section-height-default\" data-id=\"3f9b83b4\" data-element_type=\"section\" data-settings=\"{&quot;_ob_bbad_use_it&quot;:&quot;yes&quot;,&quot;_ob_bbad_sssic_use&quot;:&quot;no&quot;,&quot;_ob_glider_is_slider&quot;:&quot;no&quot;}\">\n\t\t\t\t\t\t<div class=\"elementor-container elementor-column-gap-default\">\n\t\t\t\t\t<div class=\"elementor-column elementor-col-100 elementor-top-column elementor-element elementor-element-4d8e74e1\" data-id=\"4d8e74e1\" data-element_type=\"column\" data-settings=\"{&quot;_ob_bbad_is_stalker&quot;:&quot;no&quot;,&quot;_ob_teleporter_use&quot;:false,&quot;_ob_column_hoveranimator&quot;:&quot;no&quot;,&quot;_ob_column_has_pseudo&quot;:&quot;no&quot;}\">\n\t\t\t<div class=\"elementor-widget-wrap elementor-element-populated\">\n\t\t\t\t\t\t\t\t<div class=\"elementor-element elementor-element-63a627e0 ob-harakiri-inherit ob-has-background-overlay elementor-widget elementor-widget-text-editor\" data-id=\"63a627e0\" data-element_type=\"widget\" data-settings=\"{&quot;_ob_use_harakiri&quot;:&quot;yes&quot;,&quot;_ob_harakiri_writing_mode&quot;:&quot;inherit&quot;,&quot;_ob_postman_use&quot;:&quot;no&quot;,&quot;_ob_perspektive_use&quot;:&quot;no&quot;,&quot;_ob_poopart_use&quot;:&quot;yes&quot;,&quot;_ob_shadough_use&quot;:&quot;no&quot;,&quot;_ob_allow_hoveranimator&quot;:&quot;no&quot;,&quot;_ob_widget_stalker_use&quot;:&quot;no&quot;}\" data-widget_type=\"text-editor.default\">\n\t\t\t\t<div class=\"elementor-widget-container\">\n\t\t\t<style>\/*! elementor - v3.14.0 - 26-06-2023 *\/\n.elementor-widget-text-editor.elementor-drop-cap-view-stacked .elementor-drop-cap{background-color:#69727d;color:#fff}.elementor-widget-text-editor.elementor-drop-cap-view-framed .elementor-drop-cap{color:#69727d;border:3px solid;background-color:transparent}.elementor-widget-text-editor:not(.elementor-drop-cap-view-default) .elementor-drop-cap{margin-top:8px}.elementor-widget-text-editor:not(.elementor-drop-cap-view-default) .elementor-drop-cap-letter{width:1em;height:1em}.elementor-widget-text-editor .elementor-drop-cap{float:left;text-align:center;line-height:1;font-size:50px}.elementor-widget-text-editor .elementor-drop-cap-letter{display:inline-block}<\/style>\t\t\t\t<p>Fa buio sorprendentemente presto, il che ovviamente avvantaggia gli osservatori del cielo interessati. Dopotutto, ci sono molte costellazioni, pianeti e diverse stelle cadenti da scoprire nel mese di novembre.<\/p>\n<p>Luna: nel mese di novembre la luna inizialmente cresce fino a raggiungere la sua \u201cfaccia di luna piena\u201d il 13 del mese. Raggiunge la sua fase lunare nuova il 27 novembre.<\/p>\n<p>Pianeti: Nel mese di novembre si possono trovare quasi tutti i pianeti del cielo.<br \/>All&#8217;inizio di novembre Mercurio pu\u00f2 ancora essere avvistato in profondit\u00e0 verso est al crepuscolo, poi non potr\u00e0 pi\u00f9 essere osservato per molto tempo.<br \/>Venere pu\u00f2 essere visto come un pianeta luminoso nelle prime ore della sera.<br \/>Marte \u00e8 l&#8217;unico pianeta che non si trova nel cielo di novembre.<br \/>Giove si sta salutando molto presto, nel profondo ovest.<br \/>Saturno sorge subito dopo la mezzanotte. Pu\u00f2 essere scoperto tra Leone e Vergine.<br \/>Urano e Nettuno sono gi\u00e0 alti a sud in serata. Tuttavia, entrambi possono essere visti solo nella prima met\u00e0 della notte<\/p>\n<p>Costellazioni: Nel mese di novembre, il quadrato di Pegaso domina il cielo. Insieme alla stella Sirrah della costellazione di Andromeda forma il quadrilatero autunnale. Cassiopea pu\u00f2 essere vista quasi allo zenit. Accanto ad esso c&#8217;\u00e8 l&#8217;Orsa Minore, che ha come vicino l&#8217;Orsa Maggiore, che ora si trova all&#8217;orizzonte molto settentrionale. A est sorgono gradualmente le costellazioni invernali: Fuhrman con la stella luminosa Capella, Toro con Aldebaran, successivamente Gemelli con Castore e Polluce. Prima di mezzanotte si pu\u00f2 vedere anche il cacciatore del cielo Orione con le stelle luminose Betelgeuse e Rigel. Da menzionare anche le tre immagini zodiacali: Acquario, Pesci e Ariete, che non sono cos\u00ec facili da trovare. Si muovono attraverso la posizione meridionale nel cielo man mano che la sera avanza.<\/p>\n<p>Oggetti celesti speciali:<br \/>Nel mese di novembre la terra \u00e8 inondata da alcune piogge di stelle cadenti.<br \/>Fino al 7 del mese potrete vedere i Delta Draconidi, che sembrano provenire dalla costellazione del Drago.<br \/>All&#8217;inizio di novembre si possono osservare anche le Tauridi settentrionali e meridionali della costellazione del Toro.<br \/>Dal 10 novembre puoi aspettarti lo sciame della scala delle stelle Leonidi. Sembrano emanare dal Leone e rimangono attivi fino al 23 del mese.<\/p>\n\t\t\t\t\t\t<\/div>\n\t\t\t\t<\/div>\n\t\t\t\t\t<\/div>\n\t\t<\/div>\n\t\t\t\t\t\t\t<\/div>\n\t\t<\/section>\n\t\t\t\t\t\t\t<\/div>\n\t\t","protected":false},"excerpt":{"rendered":"<p>Fa buio sorprendentemente presto, il che ovviamente avvantaggia gli osservatori del cielo interessati.<\/p>\n","protected":false},"author":1,"featured_media":2782,"comment_status":"open","ping_status":"open","sticky":false,"template":"","format":"standard","meta":{"footnotes":""},"categories":[20],"tags":[],"acf":[],"yoast_head":"<!-- This site is optimized with the Yoast SEO plugin v20.11 - https:\/\/yoast.com\/wordpress\/plugins\/seo\/ -->\n<title>Il cielo stellato di novembre 2008 - Sternwarte<\/title>\n<meta name=\"robots\" content=\"index, follow, max-snippet:-1, max-image-preview:large, max-video-preview:-1\" \/>\n<link rel=\"canonical\" href=\"https:\/\/www.sternwarte.it\/it\/il-cielo-stellato-di-novembre-2008\/\" \/>\n<meta property=\"og:locale\" content=\"it_IT\" \/>\n<meta property=\"og:type\" content=\"article\" \/>\n<meta property=\"og:title\" content=\"Il cielo stellato di novembre 2008 - Sternwarte\" \/>\n<meta property=\"og:description\" content=\"Fa buio sorprendentemente presto, il che ovviamente avvantaggia gli osservatori del cielo interessati.\" \/>\n<meta property=\"og:url\" content=\"https:\/\/www.sternwarte.it\/it\/il-cielo-stellato-di-novembre-2008\/\" \/>\n<meta property=\"og:site_name\" content=\"Sternwarte\" \/>\n<meta property=\"article:published_time\" content=\"2008-10-30T17:21:00+00:00\" \/>\n<meta property=\"article:modified_time\" content=\"2023-12-14T18:07:09+00:00\" \/>\n<meta property=\"og:image\" content=\"https:\/\/www.sternwarte.it\/wp-content\/uploads\/2023\/07\/2007-09-19-Plejaden.jpg\" \/>\n\t<meta property=\"og:image:width\" content=\"1016\" \/>\n\t<meta property=\"og:image:height\" content=\"1016\" \/>\n\t<meta property=\"og:image:type\" content=\"image\/jpeg\" \/>\n<meta name=\"author\" content=\"admin\" \/>\n<meta name=\"twitter:card\" content=\"summary_large_image\" \/>\n<meta name=\"twitter:label1\" content=\"Scritto da\" \/>\n\t<meta name=\"twitter:data1\" content=\"admin\" \/>\n\t<meta name=\"twitter:label2\" content=\"Tempo di lettura stimato\" \/>\n\t<meta name=\"twitter:data2\" content=\"3 minuti\" \/>\n<script type=\"application\/ld+json\" class=\"yoast-schema-graph\">{\"@context\":\"https:\/\/schema.org\",\"@graph\":[{\"@type\":\"Article\",\"@id\":\"https:\/\/www.sternwarte.it\/it\/il-cielo-stellato-di-novembre-2008\/#article\",\"isPartOf\":{\"@id\":\"https:\/\/www.sternwarte.it\/it\/il-cielo-stellato-di-novembre-2008\/\"},\"author\":{\"name\":\"admin\",\"@id\":\"https:\/\/www.sternwarte.it\/it\/#\/schema\/person\/2669c65a28297c17e119b3f06374e99f\"},\"headline\":\"Il cielo stellato di novembre 2008\",\"datePublished\":\"2008-10-30T17:21:00+00:00\",\"dateModified\":\"2023-12-14T18:07:09+00:00\",\"mainEntityOfPage\":{\"@id\":\"https:\/\/www.sternwarte.it\/it\/il-cielo-stellato-di-novembre-2008\/\"},\"wordCount\":366,\"commentCount\":0,\"publisher\":{\"@id\":\"https:\/\/www.sternwarte.it\/it\/#organization\"},\"articleSection\":[\"Events IT\"],\"inLanguage\":\"it-IT\",\"potentialAction\":[{\"@type\":\"CommentAction\",\"name\":\"Comment\",\"target\":[\"https:\/\/www.sternwarte.it\/it\/il-cielo-stellato-di-novembre-2008\/#respond\"]}]},{\"@type\":\"WebPage\",\"@id\":\"https:\/\/www.sternwarte.it\/it\/il-cielo-stellato-di-novembre-2008\/\",\"url\":\"https:\/\/www.sternwarte.it\/it\/il-cielo-stellato-di-novembre-2008\/\",\"name\":\"Il cielo stellato di novembre 2008 - Sternwarte\",\"isPartOf\":{\"@id\":\"https:\/\/www.sternwarte.it\/it\/#website\"},\"datePublished\":\"2008-10-30T17:21:00+00:00\",\"dateModified\":\"2023-12-14T18:07:09+00:00\",\"breadcrumb\":{\"@id\":\"https:\/\/www.sternwarte.it\/it\/il-cielo-stellato-di-novembre-2008\/#breadcrumb\"},\"inLanguage\":\"it-IT\",\"potentialAction\":[{\"@type\":\"ReadAction\",\"target\":[\"https:\/\/www.sternwarte.it\/it\/il-cielo-stellato-di-novembre-2008\/\"]}]},{\"@type\":\"BreadcrumbList\",\"@id\":\"https:\/\/www.sternwarte.it\/it\/il-cielo-stellato-di-novembre-2008\/#breadcrumb\",\"itemListElement\":[{\"@type\":\"ListItem\",\"position\":1,\"name\":\"Startseite\",\"item\":\"https:\/\/www.sternwarte.it\/it\/\"},{\"@type\":\"ListItem\",\"position\":2,\"name\":\"Il cielo stellato di novembre 2008\"}]},{\"@type\":\"WebSite\",\"@id\":\"https:\/\/www.sternwarte.it\/it\/#website\",\"url\":\"https:\/\/www.sternwarte.it\/it\/\",\"name\":\"Sternwarte\",\"description\":\"\",\"publisher\":{\"@id\":\"https:\/\/www.sternwarte.it\/it\/#organization\"},\"potentialAction\":[{\"@type\":\"SearchAction\",\"target\":{\"@type\":\"EntryPoint\",\"urlTemplate\":\"https:\/\/www.sternwarte.it\/it\/?s={search_term_string}\"},\"query-input\":\"required name=search_term_string\"}],\"inLanguage\":\"it-IT\"},{\"@type\":\"Organization\",\"@id\":\"https:\/\/www.sternwarte.it\/it\/#organization\",\"name\":\"Sternwarte\",\"url\":\"https:\/\/www.sternwarte.it\/it\/\",\"logo\":{\"@type\":\"ImageObject\",\"inLanguage\":\"it-IT\",\"@id\":\"https:\/\/www.sternwarte.it\/it\/#\/schema\/logo\/image\/\",\"url\":\"https:\/\/www.sternwarte.it\/wp-content\/uploads\/2023\/05\/Gruppe-2348.svg\",\"contentUrl\":\"https:\/\/www.sternwarte.it\/wp-content\/uploads\/2023\/05\/Gruppe-2348.svg\",\"width\":1321,\"height\":447,\"caption\":\"Sternwarte\"},\"image\":{\"@id\":\"https:\/\/www.sternwarte.it\/it\/#\/schema\/logo\/image\/\"}},{\"@type\":\"Person\",\"@id\":\"https:\/\/www.sternwarte.it\/it\/#\/schema\/person\/2669c65a28297c17e119b3f06374e99f\",\"name\":\"admin\",\"image\":{\"@type\":\"ImageObject\",\"inLanguage\":\"it-IT\",\"@id\":\"https:\/\/www.sternwarte.it\/it\/#\/schema\/person\/image\/\",\"url\":\"https:\/\/secure.gravatar.com\/avatar\/df82b2ef1d9186a6772551023a8d114a?s=96&d=mm&r=g\",\"contentUrl\":\"https:\/\/secure.gravatar.com\/avatar\/df82b2ef1d9186a6772551023a8d114a?s=96&d=mm&r=g\",\"caption\":\"admin\"},\"sameAs\":[\"https:\/\/sternwarte.it\"],\"url\":\"https:\/\/www.sternwarte.it\/it\/author\/info_45kxpdat\/\"}]}<\/script>\n<!-- \/ Yoast SEO plugin. -->","yoast_head_json":{"title":"Il cielo stellato di novembre 2008 - Sternwarte","robots":{"index":"index","follow":"follow","max-snippet":"max-snippet:-1","max-image-preview":"max-image-preview:large","max-video-preview":"max-video-preview:-1"},"canonical":"https:\/\/www.sternwarte.it\/it\/il-cielo-stellato-di-novembre-2008\/","og_locale":"it_IT","og_type":"article","og_title":"Il cielo stellato di novembre 2008 - Sternwarte","og_description":"Fa buio sorprendentemente presto, il che ovviamente avvantaggia gli osservatori del cielo interessati.","og_url":"https:\/\/www.sternwarte.it\/it\/il-cielo-stellato-di-novembre-2008\/","og_site_name":"Sternwarte","article_published_time":"2008-10-30T17:21:00+00:00","article_modified_time":"2023-12-14T18:07:09+00:00","og_image":[{"width":1016,"height":1016,"url":"https:\/\/www.sternwarte.it\/wp-content\/uploads\/2023\/07\/2007-09-19-Plejaden.jpg","type":"image\/jpeg"}],"author":"admin","twitter_card":"summary_large_image","twitter_misc":{"Scritto da":"admin","Tempo di lettura stimato":"3 minuti"},"schema":{"@context":"https:\/\/schema.org","@graph":[{"@type":"Article","@id":"https:\/\/www.sternwarte.it\/it\/il-cielo-stellato-di-novembre-2008\/#article","isPartOf":{"@id":"https:\/\/www.sternwarte.it\/it\/il-cielo-stellato-di-novembre-2008\/"},"author":{"name":"admin","@id":"https:\/\/www.sternwarte.it\/it\/#\/schema\/person\/2669c65a28297c17e119b3f06374e99f"},"headline":"Il cielo stellato di novembre 2008","datePublished":"2008-10-30T17:21:00+00:00","dateModified":"2023-12-14T18:07:09+00:00","mainEntityOfPage":{"@id":"https:\/\/www.sternwarte.it\/it\/il-cielo-stellato-di-novembre-2008\/"},"wordCount":366,"commentCount":0,"publisher":{"@id":"https:\/\/www.sternwarte.it\/it\/#organization"},"articleSection":["Events IT"],"inLanguage":"it-IT","potentialAction":[{"@type":"CommentAction","name":"Comment","target":["https:\/\/www.sternwarte.it\/it\/il-cielo-stellato-di-novembre-2008\/#respond"]}]},{"@type":"WebPage","@id":"https:\/\/www.sternwarte.it\/it\/il-cielo-stellato-di-novembre-2008\/","url":"https:\/\/www.sternwarte.it\/it\/il-cielo-stellato-di-novembre-2008\/","name":"Il cielo stellato di novembre 2008 - Sternwarte","isPartOf":{"@id":"https:\/\/www.sternwarte.it\/it\/#website"},"datePublished":"2008-10-30T17:21:00+00:00","dateModified":"2023-12-14T18:07:09+00:00","breadcrumb":{"@id":"https:\/\/www.sternwarte.it\/it\/il-cielo-stellato-di-novembre-2008\/#breadcrumb"},"inLanguage":"it-IT","potentialAction":[{"@type":"ReadAction","target":["https:\/\/www.sternwarte.it\/it\/il-cielo-stellato-di-novembre-2008\/"]}]},{"@type":"BreadcrumbList","@id":"https:\/\/www.sternwarte.it\/it\/il-cielo-stellato-di-novembre-2008\/#breadcrumb","itemListElement":[{"@type":"ListItem","position":1,"name":"Startseite","item":"https:\/\/www.sternwarte.it\/it\/"},{"@type":"ListItem","position":2,"name":"Il cielo stellato di novembre 2008"}]},{"@type":"WebSite","@id":"https:\/\/www.sternwarte.it\/it\/#website","url":"https:\/\/www.sternwarte.it\/it\/","name":"Sternwarte","description":"","publisher":{"@id":"https:\/\/www.sternwarte.it\/it\/#organization"},"potentialAction":[{"@type":"SearchAction","target":{"@type":"EntryPoint","urlTemplate":"https:\/\/www.sternwarte.it\/it\/?s={search_term_string}"},"query-input":"required name=search_term_string"}],"inLanguage":"it-IT"},{"@type":"Organization","@id":"https:\/\/www.sternwarte.it\/it\/#organization","name":"Sternwarte","url":"https:\/\/www.sternwarte.it\/it\/","logo":{"@type":"ImageObject","inLanguage":"it-IT","@id":"https:\/\/www.sternwarte.it\/it\/#\/schema\/logo\/image\/","url":"https:\/\/www.sternwarte.it\/wp-content\/uploads\/2023\/05\/Gruppe-2348.svg","contentUrl":"https:\/\/www.sternwarte.it\/wp-content\/uploads\/2023\/05\/Gruppe-2348.svg","width":1321,"height":447,"caption":"Sternwarte"},"image":{"@id":"https:\/\/www.sternwarte.it\/it\/#\/schema\/logo\/image\/"}},{"@type":"Person","@id":"https:\/\/www.sternwarte.it\/it\/#\/schema\/person\/2669c65a28297c17e119b3f06374e99f","name":"admin","image":{"@type":"ImageObject","inLanguage":"it-IT","@id":"https:\/\/www.sternwarte.it\/it\/#\/schema\/person\/image\/","url":"https:\/\/secure.gravatar.com\/avatar\/df82b2ef1d9186a6772551023a8d114a?s=96&d=mm&r=g","contentUrl":"https:\/\/secure.gravatar.com\/avatar\/df82b2ef1d9186a6772551023a8d114a?s=96&d=mm&r=g","caption":"admin"},"sameAs":["https:\/\/sternwarte.it"],"url":"https:\/\/www.sternwarte.it\/it\/author\/info_45kxpdat\/"}]}},"_links":{"self":[{"href":"https:\/\/www.sternwarte.it\/it\/wp-json\/wp\/v2\/posts\/4390"}],"collection":[{"href":"https:\/\/www.sternwarte.it\/it\/wp-json\/wp\/v2\/posts"}],"about":[{"href":"https:\/\/www.sternwarte.it\/it\/wp-json\/wp\/v2\/types\/post"}],"author":[{"embeddable":true,"href":"https:\/\/www.sternwarte.it\/it\/wp-json\/wp\/v2\/users\/1"}],"replies":[{"embeddable":true,"href":"https:\/\/www.sternwarte.it\/it\/wp-json\/wp\/v2\/comments?post=4390"}],"version-history":[{"count":3,"href":"https:\/\/www.sternwarte.it\/it\/wp-json\/wp\/v2\/posts\/4390\/revisions"}],"predecessor-version":[{"id":4436,"href":"https:\/\/www.sternwarte.it\/it\/wp-json\/wp\/v2\/posts\/4390\/revisions\/4436"}],"wp:featuredmedia":[{"embeddable":true,"href":"https:\/\/www.sternwarte.it\/it\/wp-json\/wp\/v2\/media\/2782"}],"wp:attachment":[{"href":"https:\/\/www.sternwarte.it\/it\/wp-json\/wp\/v2\/media?parent=4390"}],"wp:term":[{"taxonomy":"category","embeddable":true,"href":"https:\/\/www.sternwarte.it\/it\/wp-json\/wp\/v2\/categories?post=4390"},{"taxonomy":"post_tag","embeddable":true,"href":"https:\/\/www.sternwarte.it\/it\/wp-json\/wp\/v2\/tags?post=4390"}],"curies":[{"name":"wp","href":"https:\/\/api.w.org\/{rel}","templated":true}]}}