{"id":4574,"date":"2010-06-01T16:21:00","date_gmt":"2010-06-01T16:21:00","guid":{"rendered":"https:\/\/www.sternwarte.it\/il-cielo-stellato-a-giugno-2010\/"},"modified":"2023-12-15T18:25:01","modified_gmt":"2023-12-15T18:25:01","slug":"il-cielo-stellato-a-giugno-2010","status":"publish","type":"post","link":"https:\/\/www.sternwarte.it\/it\/il-cielo-stellato-a-giugno-2010\/","title":{"rendered":"Il cielo stellato a giugno 2010"},"content":{"rendered":"\t\t<div data-elementor-type=\"wp-post\" data-elementor-id=\"4574\" class=\"elementor elementor-4574 elementor-4565\" data-elementor-post-type=\"post\">\n\t\t\t\t\t\t\t\t\t<section class=\"ob-is-breaking-bad elementor-section elementor-top-section elementor-element elementor-element-3f9b83b4 elementor-section-boxed elementor-section-height-default elementor-section-height-default\" data-id=\"3f9b83b4\" data-element_type=\"section\" data-settings=\"{&quot;_ob_bbad_use_it&quot;:&quot;yes&quot;,&quot;_ob_bbad_sssic_use&quot;:&quot;no&quot;,&quot;_ob_glider_is_slider&quot;:&quot;no&quot;}\">\n\t\t\t\t\t\t<div class=\"elementor-container elementor-column-gap-default\">\n\t\t\t\t\t<div class=\"elementor-column elementor-col-100 elementor-top-column elementor-element elementor-element-4d8e74e1\" data-id=\"4d8e74e1\" data-element_type=\"column\" data-settings=\"{&quot;_ob_bbad_is_stalker&quot;:&quot;no&quot;,&quot;_ob_teleporter_use&quot;:false,&quot;_ob_column_hoveranimator&quot;:&quot;no&quot;,&quot;_ob_column_has_pseudo&quot;:&quot;no&quot;}\">\n\t\t\t<div class=\"elementor-widget-wrap elementor-element-populated\">\n\t\t\t\t\t\t\t\t<div class=\"elementor-element elementor-element-63a627e0 ob-harakiri-inherit ob-has-background-overlay elementor-widget elementor-widget-text-editor\" data-id=\"63a627e0\" data-element_type=\"widget\" data-settings=\"{&quot;_ob_use_harakiri&quot;:&quot;yes&quot;,&quot;_ob_harakiri_writing_mode&quot;:&quot;inherit&quot;,&quot;_ob_postman_use&quot;:&quot;no&quot;,&quot;_ob_perspektive_use&quot;:&quot;no&quot;,&quot;_ob_poopart_use&quot;:&quot;yes&quot;,&quot;_ob_shadough_use&quot;:&quot;no&quot;,&quot;_ob_allow_hoveranimator&quot;:&quot;no&quot;,&quot;_ob_widget_stalker_use&quot;:&quot;no&quot;}\" data-widget_type=\"text-editor.default\">\n\t\t\t\t<div class=\"elementor-widget-container\">\n\t\t\t<style>\/*! elementor - v3.14.0 - 26-06-2023 *\/\n.elementor-widget-text-editor.elementor-drop-cap-view-stacked .elementor-drop-cap{background-color:#69727d;color:#fff}.elementor-widget-text-editor.elementor-drop-cap-view-framed .elementor-drop-cap{color:#69727d;border:3px solid;background-color:transparent}.elementor-widget-text-editor:not(.elementor-drop-cap-view-default) .elementor-drop-cap{margin-top:8px}.elementor-widget-text-editor:not(.elementor-drop-cap-view-default) .elementor-drop-cap-letter{width:1em;height:1em}.elementor-widget-text-editor .elementor-drop-cap{float:left;text-align:center;line-height:1;font-size:50px}.elementor-widget-text-editor .elementor-drop-cap-letter{display:inline-block}<\/style>\t\t\t\t<p>Costellazioni<br \/>In questo periodo dell&#8217;anno, il Triangolo primaverile \u00e8 gi\u00e0 a ovest. A est si pu\u00f2 vedere il triangolo estivo con le stelle Vega (lira), Deneb (cigno) e Atair (aquila). La costellazione dominante \u00e8 Bootes con la stella principale Arturo.<\/p>\n<p>giorno \/ notte<br \/>I giorni di giugno ora durano pi\u00f9 a lungo con 18 ore di sole. Abbiamo solo 6 brevi ore per osservare il cielo. Il sole raggiunge il suo punto di svolta pi\u00f9 settentrionale e dal 22 giugno (solstizio) le giornate ricominciano ad accorciarsi.<\/p>\n<p>Luna<br \/>Giugno inizia con la luna calante (luna nuova: sabato 12 giugno). La prossima luna piena sar\u00e0 sabato 26 giugno.<\/p>\n<p>Pianeti<br \/>MERCURIO: non visibile; si trova pi\u00f9 lontano dalla Terra il 28 giugno a 198 milioni di km.<br \/>VENERE: \u00e8 visibile come stella della sera fino alle 23:30.<br \/>MARTE: visibile fino all&#8217;1:00 di notte.<br \/>GIOVE: \u00e8 l&#8217;oggetto pi\u00f9 luminoso del cielo notturno dopo la Luna e Venere ed \u00e8 visibile dall&#8217;1:50 di notte.<br \/>SATURNO: \u00e8 visibile nelle prime ore serali fino all&#8217;1:50.<br \/>URANO: \u00e8 visibile nel cielo notturno dall&#8217;1:45.<br \/>NETTUNO: appare sopra l&#8217;orizzonte dalle 00:30.<br \/>PLUTONE: dalle 21:15 appare all&#8217;orizzonte il nostro pianeta nano. Tuttavia, \u00e8 molto difficile da rilevare.<\/p>\n<p>CORRENTI METEORICHE<br \/>Nel mese di giugno sono visibili molti sciami meteorici meno pronunciati: i Tau Erculidi il 3 giugno, i Libridi l&#8217;8, le Liridi di giugno dal 10 al 12 giugno, le meteore dello Scorpione Sagittario il 14 giugno e le Bootidi di giugno, i Corvidi e le Meteore di giugno Draconidi il 27 giugno.<\/p>\n\t\t\t\t\t\t<\/div>\n\t\t\t\t<\/div>\n\t\t\t\t\t<\/div>\n\t\t<\/div>\n\t\t\t\t\t\t\t<\/div>\n\t\t<\/section>\n\t\t\t\t\t\t\t<\/div>\n\t\t","protected":false},"excerpt":{"rendered":"<p>Il cielo stellato a giugno 2010<\/p>\n","protected":false},"author":1,"featured_media":2796,"comment_status":"open","ping_status":"open","sticky":false,"template":"","format":"standard","meta":{"footnotes":""},"categories":[20],"tags":[],"acf":[],"yoast_head":"<!-- This site is optimized with the Yoast SEO plugin v20.11 - https:\/\/yoast.com\/wordpress\/plugins\/seo\/ -->\n<title>Il cielo stellato a giugno 2010 - Sternwarte<\/title>\n<meta name=\"robots\" content=\"index, follow, max-snippet:-1, max-image-preview:large, max-video-preview:-1\" \/>\n<link rel=\"canonical\" href=\"https:\/\/www.sternwarte.it\/it\/il-cielo-stellato-a-giugno-2010\/\" \/>\n<meta property=\"og:locale\" content=\"it_IT\" \/>\n<meta property=\"og:type\" content=\"article\" \/>\n<meta property=\"og:title\" content=\"Il cielo stellato a giugno 2010 - Sternwarte\" \/>\n<meta property=\"og:description\" content=\"Il cielo stellato a giugno 2010\" \/>\n<meta property=\"og:url\" content=\"https:\/\/www.sternwarte.it\/it\/il-cielo-stellato-a-giugno-2010\/\" \/>\n<meta property=\"og:site_name\" content=\"Sternwarte\" \/>\n<meta property=\"article:published_time\" content=\"2010-06-01T16:21:00+00:00\" \/>\n<meta property=\"article:modified_time\" content=\"2023-12-15T18:25:01+00:00\" \/>\n<meta property=\"og:image\" content=\"https:\/\/www.sternwarte.it\/wp-content\/uploads\/2023\/07\/2008-09-20-Jupiter-1.jpg\" \/>\n\t<meta property=\"og:image:width\" content=\"800\" \/>\n\t<meta property=\"og:image:height\" content=\"600\" \/>\n\t<meta property=\"og:image:type\" content=\"image\/jpeg\" \/>\n<meta name=\"author\" content=\"admin\" \/>\n<meta name=\"twitter:card\" content=\"summary_large_image\" \/>\n<meta name=\"twitter:label1\" content=\"Scritto da\" \/>\n\t<meta name=\"twitter:data1\" content=\"admin\" \/>\n\t<meta name=\"twitter:label2\" content=\"Tempo di lettura stimato\" \/>\n\t<meta name=\"twitter:data2\" content=\"2 minuti\" \/>\n<script type=\"application\/ld+json\" class=\"yoast-schema-graph\">{\"@context\":\"https:\/\/schema.org\",\"@graph\":[{\"@type\":\"Article\",\"@id\":\"https:\/\/www.sternwarte.it\/it\/il-cielo-stellato-a-giugno-2010\/#article\",\"isPartOf\":{\"@id\":\"https:\/\/www.sternwarte.it\/it\/il-cielo-stellato-a-giugno-2010\/\"},\"author\":{\"name\":\"admin\",\"@id\":\"https:\/\/www.sternwarte.it\/it\/#\/schema\/person\/2669c65a28297c17e119b3f06374e99f\"},\"headline\":\"Il cielo stellato a giugno 2010\",\"datePublished\":\"2010-06-01T16:21:00+00:00\",\"dateModified\":\"2023-12-15T18:25:01+00:00\",\"mainEntityOfPage\":{\"@id\":\"https:\/\/www.sternwarte.it\/it\/il-cielo-stellato-a-giugno-2010\/\"},\"wordCount\":236,\"commentCount\":0,\"publisher\":{\"@id\":\"https:\/\/www.sternwarte.it\/it\/#organization\"},\"articleSection\":[\"Events IT\"],\"inLanguage\":\"it-IT\",\"potentialAction\":[{\"@type\":\"CommentAction\",\"name\":\"Comment\",\"target\":[\"https:\/\/www.sternwarte.it\/it\/il-cielo-stellato-a-giugno-2010\/#respond\"]}]},{\"@type\":\"WebPage\",\"@id\":\"https:\/\/www.sternwarte.it\/it\/il-cielo-stellato-a-giugno-2010\/\",\"url\":\"https:\/\/www.sternwarte.it\/it\/il-cielo-stellato-a-giugno-2010\/\",\"name\":\"Il cielo stellato a giugno 2010 - Sternwarte\",\"isPartOf\":{\"@id\":\"https:\/\/www.sternwarte.it\/it\/#website\"},\"datePublished\":\"2010-06-01T16:21:00+00:00\",\"dateModified\":\"2023-12-15T18:25:01+00:00\",\"breadcrumb\":{\"@id\":\"https:\/\/www.sternwarte.it\/it\/il-cielo-stellato-a-giugno-2010\/#breadcrumb\"},\"inLanguage\":\"it-IT\",\"potentialAction\":[{\"@type\":\"ReadAction\",\"target\":[\"https:\/\/www.sternwarte.it\/it\/il-cielo-stellato-a-giugno-2010\/\"]}]},{\"@type\":\"BreadcrumbList\",\"@id\":\"https:\/\/www.sternwarte.it\/it\/il-cielo-stellato-a-giugno-2010\/#breadcrumb\",\"itemListElement\":[{\"@type\":\"ListItem\",\"position\":1,\"name\":\"Startseite\",\"item\":\"https:\/\/www.sternwarte.it\/it\/\"},{\"@type\":\"ListItem\",\"position\":2,\"name\":\"Il cielo stellato a giugno 2010\"}]},{\"@type\":\"WebSite\",\"@id\":\"https:\/\/www.sternwarte.it\/it\/#website\",\"url\":\"https:\/\/www.sternwarte.it\/it\/\",\"name\":\"Sternwarte\",\"description\":\"\",\"publisher\":{\"@id\":\"https:\/\/www.sternwarte.it\/it\/#organization\"},\"potentialAction\":[{\"@type\":\"SearchAction\",\"target\":{\"@type\":\"EntryPoint\",\"urlTemplate\":\"https:\/\/www.sternwarte.it\/it\/?s={search_term_string}\"},\"query-input\":\"required name=search_term_string\"}],\"inLanguage\":\"it-IT\"},{\"@type\":\"Organization\",\"@id\":\"https:\/\/www.sternwarte.it\/it\/#organization\",\"name\":\"Sternwarte\",\"url\":\"https:\/\/www.sternwarte.it\/it\/\",\"logo\":{\"@type\":\"ImageObject\",\"inLanguage\":\"it-IT\",\"@id\":\"https:\/\/www.sternwarte.it\/it\/#\/schema\/logo\/image\/\",\"url\":\"https:\/\/www.sternwarte.it\/wp-content\/uploads\/2023\/05\/Gruppe-2348.svg\",\"contentUrl\":\"https:\/\/www.sternwarte.it\/wp-content\/uploads\/2023\/05\/Gruppe-2348.svg\",\"width\":1321,\"height\":447,\"caption\":\"Sternwarte\"},\"image\":{\"@id\":\"https:\/\/www.sternwarte.it\/it\/#\/schema\/logo\/image\/\"}},{\"@type\":\"Person\",\"@id\":\"https:\/\/www.sternwarte.it\/it\/#\/schema\/person\/2669c65a28297c17e119b3f06374e99f\",\"name\":\"admin\",\"image\":{\"@type\":\"ImageObject\",\"inLanguage\":\"it-IT\",\"@id\":\"https:\/\/www.sternwarte.it\/it\/#\/schema\/person\/image\/\",\"url\":\"https:\/\/secure.gravatar.com\/avatar\/df82b2ef1d9186a6772551023a8d114a?s=96&d=mm&r=g\",\"contentUrl\":\"https:\/\/secure.gravatar.com\/avatar\/df82b2ef1d9186a6772551023a8d114a?s=96&d=mm&r=g\",\"caption\":\"admin\"},\"sameAs\":[\"https:\/\/sternwarte.it\"],\"url\":\"https:\/\/www.sternwarte.it\/it\/author\/info_45kxpdat\/\"}]}<\/script>\n<!-- \/ Yoast SEO plugin. -->","yoast_head_json":{"title":"Il cielo stellato a giugno 2010 - Sternwarte","robots":{"index":"index","follow":"follow","max-snippet":"max-snippet:-1","max-image-preview":"max-image-preview:large","max-video-preview":"max-video-preview:-1"},"canonical":"https:\/\/www.sternwarte.it\/it\/il-cielo-stellato-a-giugno-2010\/","og_locale":"it_IT","og_type":"article","og_title":"Il cielo stellato a giugno 2010 - Sternwarte","og_description":"Il cielo stellato a giugno 2010","og_url":"https:\/\/www.sternwarte.it\/it\/il-cielo-stellato-a-giugno-2010\/","og_site_name":"Sternwarte","article_published_time":"2010-06-01T16:21:00+00:00","article_modified_time":"2023-12-15T18:25:01+00:00","og_image":[{"width":800,"height":600,"url":"https:\/\/www.sternwarte.it\/wp-content\/uploads\/2023\/07\/2008-09-20-Jupiter-1.jpg","type":"image\/jpeg"}],"author":"admin","twitter_card":"summary_large_image","twitter_misc":{"Scritto da":"admin","Tempo di lettura stimato":"2 minuti"},"schema":{"@context":"https:\/\/schema.org","@graph":[{"@type":"Article","@id":"https:\/\/www.sternwarte.it\/it\/il-cielo-stellato-a-giugno-2010\/#article","isPartOf":{"@id":"https:\/\/www.sternwarte.it\/it\/il-cielo-stellato-a-giugno-2010\/"},"author":{"name":"admin","@id":"https:\/\/www.sternwarte.it\/it\/#\/schema\/person\/2669c65a28297c17e119b3f06374e99f"},"headline":"Il cielo stellato a giugno 2010","datePublished":"2010-06-01T16:21:00+00:00","dateModified":"2023-12-15T18:25:01+00:00","mainEntityOfPage":{"@id":"https:\/\/www.sternwarte.it\/it\/il-cielo-stellato-a-giugno-2010\/"},"wordCount":236,"commentCount":0,"publisher":{"@id":"https:\/\/www.sternwarte.it\/it\/#organization"},"articleSection":["Events IT"],"inLanguage":"it-IT","potentialAction":[{"@type":"CommentAction","name":"Comment","target":["https:\/\/www.sternwarte.it\/it\/il-cielo-stellato-a-giugno-2010\/#respond"]}]},{"@type":"WebPage","@id":"https:\/\/www.sternwarte.it\/it\/il-cielo-stellato-a-giugno-2010\/","url":"https:\/\/www.sternwarte.it\/it\/il-cielo-stellato-a-giugno-2010\/","name":"Il cielo stellato a giugno 2010 - Sternwarte","isPartOf":{"@id":"https:\/\/www.sternwarte.it\/it\/#website"},"datePublished":"2010-06-01T16:21:00+00:00","dateModified":"2023-12-15T18:25:01+00:00","breadcrumb":{"@id":"https:\/\/www.sternwarte.it\/it\/il-cielo-stellato-a-giugno-2010\/#breadcrumb"},"inLanguage":"it-IT","potentialAction":[{"@type":"ReadAction","target":["https:\/\/www.sternwarte.it\/it\/il-cielo-stellato-a-giugno-2010\/"]}]},{"@type":"BreadcrumbList","@id":"https:\/\/www.sternwarte.it\/it\/il-cielo-stellato-a-giugno-2010\/#breadcrumb","itemListElement":[{"@type":"ListItem","position":1,"name":"Startseite","item":"https:\/\/www.sternwarte.it\/it\/"},{"@type":"ListItem","position":2,"name":"Il cielo stellato a giugno 2010"}]},{"@type":"WebSite","@id":"https:\/\/www.sternwarte.it\/it\/#website","url":"https:\/\/www.sternwarte.it\/it\/","name":"Sternwarte","description":"","publisher":{"@id":"https:\/\/www.sternwarte.it\/it\/#organization"},"potentialAction":[{"@type":"SearchAction","target":{"@type":"EntryPoint","urlTemplate":"https:\/\/www.sternwarte.it\/it\/?s={search_term_string}"},"query-input":"required name=search_term_string"}],"inLanguage":"it-IT"},{"@type":"Organization","@id":"https:\/\/www.sternwarte.it\/it\/#organization","name":"Sternwarte","url":"https:\/\/www.sternwarte.it\/it\/","logo":{"@type":"ImageObject","inLanguage":"it-IT","@id":"https:\/\/www.sternwarte.it\/it\/#\/schema\/logo\/image\/","url":"https:\/\/www.sternwarte.it\/wp-content\/uploads\/2023\/05\/Gruppe-2348.svg","contentUrl":"https:\/\/www.sternwarte.it\/wp-content\/uploads\/2023\/05\/Gruppe-2348.svg","width":1321,"height":447,"caption":"Sternwarte"},"image":{"@id":"https:\/\/www.sternwarte.it\/it\/#\/schema\/logo\/image\/"}},{"@type":"Person","@id":"https:\/\/www.sternwarte.it\/it\/#\/schema\/person\/2669c65a28297c17e119b3f06374e99f","name":"admin","image":{"@type":"ImageObject","inLanguage":"it-IT","@id":"https:\/\/www.sternwarte.it\/it\/#\/schema\/person\/image\/","url":"https:\/\/secure.gravatar.com\/avatar\/df82b2ef1d9186a6772551023a8d114a?s=96&d=mm&r=g","contentUrl":"https:\/\/secure.gravatar.com\/avatar\/df82b2ef1d9186a6772551023a8d114a?s=96&d=mm&r=g","caption":"admin"},"sameAs":["https:\/\/sternwarte.it"],"url":"https:\/\/www.sternwarte.it\/it\/author\/info_45kxpdat\/"}]}},"_links":{"self":[{"href":"https:\/\/www.sternwarte.it\/it\/wp-json\/wp\/v2\/posts\/4574"}],"collection":[{"href":"https:\/\/www.sternwarte.it\/it\/wp-json\/wp\/v2\/posts"}],"about":[{"href":"https:\/\/www.sternwarte.it\/it\/wp-json\/wp\/v2\/types\/post"}],"author":[{"embeddable":true,"href":"https:\/\/www.sternwarte.it\/it\/wp-json\/wp\/v2\/users\/1"}],"replies":[{"embeddable":true,"href":"https:\/\/www.sternwarte.it\/it\/wp-json\/wp\/v2\/comments?post=4574"}],"version-history":[{"count":3,"href":"https:\/\/www.sternwarte.it\/it\/wp-json\/wp\/v2\/posts\/4574\/revisions"}],"predecessor-version":[{"id":4741,"href":"https:\/\/www.sternwarte.it\/it\/wp-json\/wp\/v2\/posts\/4574\/revisions\/4741"}],"wp:featuredmedia":[{"embeddable":true,"href":"https:\/\/www.sternwarte.it\/it\/wp-json\/wp\/v2\/media\/2796"}],"wp:attachment":[{"href":"https:\/\/www.sternwarte.it\/it\/wp-json\/wp\/v2\/media?parent=4574"}],"wp:term":[{"taxonomy":"category","embeddable":true,"href":"https:\/\/www.sternwarte.it\/it\/wp-json\/wp\/v2\/categories?post=4574"},{"taxonomy":"post_tag","embeddable":true,"href":"https:\/\/www.sternwarte.it\/it\/wp-json\/wp\/v2\/tags?post=4574"}],"curies":[{"name":"wp","href":"https:\/\/api.w.org\/{rel}","templated":true}]}}