{"id":4877,"date":"2012-08-02T16:20:00","date_gmt":"2012-08-02T16:20:00","guid":{"rendered":"https:\/\/www.sternwarte.it\/il-cielo-stellato-di-agosto-2012\/"},"modified":"2023-12-19T17:53:56","modified_gmt":"2023-12-19T17:53:56","slug":"il-cielo-stellato-di-agosto-2012","status":"publish","type":"post","link":"https:\/\/www.sternwarte.it\/it\/il-cielo-stellato-di-agosto-2012\/","title":{"rendered":"Il cielo stellato di agosto 2012"},"content":{"rendered":"\t\t<div data-elementor-type=\"wp-post\" data-elementor-id=\"4877\" class=\"elementor elementor-4877 elementor-4869\" data-elementor-post-type=\"post\">\n\t\t\t\t\t\t\t\t\t<section class=\"ob-is-breaking-bad elementor-section elementor-top-section elementor-element elementor-element-3f9b83b4 elementor-section-boxed elementor-section-height-default elementor-section-height-default\" data-id=\"3f9b83b4\" data-element_type=\"section\" data-settings=\"{&quot;_ob_bbad_use_it&quot;:&quot;yes&quot;,&quot;_ob_bbad_sssic_use&quot;:&quot;no&quot;,&quot;_ob_glider_is_slider&quot;:&quot;no&quot;}\">\n\t\t\t\t\t\t<div class=\"elementor-container elementor-column-gap-default\">\n\t\t\t\t\t<div class=\"elementor-column elementor-col-100 elementor-top-column elementor-element elementor-element-4d8e74e1\" data-id=\"4d8e74e1\" data-element_type=\"column\" data-settings=\"{&quot;_ob_bbad_is_stalker&quot;:&quot;no&quot;,&quot;_ob_teleporter_use&quot;:false,&quot;_ob_column_hoveranimator&quot;:&quot;no&quot;,&quot;_ob_column_has_pseudo&quot;:&quot;no&quot;}\">\n\t\t\t<div class=\"elementor-widget-wrap elementor-element-populated\">\n\t\t\t\t\t\t\t\t<div class=\"elementor-element elementor-element-63a627e0 ob-harakiri-inherit ob-has-background-overlay elementor-widget elementor-widget-text-editor\" data-id=\"63a627e0\" data-element_type=\"widget\" data-settings=\"{&quot;_ob_use_harakiri&quot;:&quot;yes&quot;,&quot;_ob_harakiri_writing_mode&quot;:&quot;inherit&quot;,&quot;_ob_postman_use&quot;:&quot;no&quot;,&quot;_ob_perspektive_use&quot;:&quot;no&quot;,&quot;_ob_poopart_use&quot;:&quot;yes&quot;,&quot;_ob_shadough_use&quot;:&quot;no&quot;,&quot;_ob_allow_hoveranimator&quot;:&quot;no&quot;,&quot;_ob_widget_stalker_use&quot;:&quot;no&quot;}\" data-widget_type=\"text-editor.default\">\n\t\t\t\t<div class=\"elementor-widget-container\">\n\t\t\t<style>\/*! elementor - v3.14.0 - 26-06-2023 *\/\n.elementor-widget-text-editor.elementor-drop-cap-view-stacked .elementor-drop-cap{background-color:#69727d;color:#fff}.elementor-widget-text-editor.elementor-drop-cap-view-framed .elementor-drop-cap{color:#69727d;border:3px solid;background-color:transparent}.elementor-widget-text-editor:not(.elementor-drop-cap-view-default) .elementor-drop-cap{margin-top:8px}.elementor-widget-text-editor:not(.elementor-drop-cap-view-default) .elementor-drop-cap-letter{width:1em;height:1em}.elementor-widget-text-editor .elementor-drop-cap{float:left;text-align:center;line-height:1;font-size:50px}.elementor-widget-text-editor .elementor-drop-cap-letter{display:inline-block}<\/style>\t\t\t\t<p>Costellazioni<br \/>In questo periodo dell&#8217;anno, il triangolo estivo con le stelle Vega (lira), Deneb (cigno) e Atair (aquila) domina ancora il cielo notturno. La costellazione di Pegaso \u00e8 gi\u00e0 visibile ad est. Ad ovest c&#8217;\u00e8 ancora Arturo in Bootes.<\/p>\n<p>giorno \/ notte<br \/>Le giornate si accorciano e l&#8217;osservazione notturna si espande fino a 8 ore per notte.<\/p>\n<p>Luna<br \/>Agosto inizia con la luna crescente (luna piena: gioved\u00ec 2 agosto). La prossima luna nuova \u00e8 sabato 18 agosto.<\/p>\n<p>Pianeti<br \/>Mercurio: non visibile.<br \/>VENERE: Osservabile nelle prime ore del mattino dalle 3 del mattino; mag -4,5.<br \/>MARTE: osservabile la sera fino alle 22:30; mag 1,0.<br \/>GIOVE: visibile nelle prime ore del mattino dalle ore 00:30; mag \u2013 2,1.<br \/>SATURNO: anticipa la sua impostazione alle 22:00; visibile a mag. 0,7.<br \/>URANO: si trova nel cielo stellato dalle ore 23:00; mag 5,8.<br \/>NETTUNO: osservabile dalle 22:30; mag 7,9.<br \/>PLUTONE: visibile tutta la notte; mag 14.<\/p>\n<p>CORRENTI METEORICHE<br \/>Il 12 agosto le Perseidi raggiungono il loro massimo impatto con circa 100 stelle cadenti all&#8217;ora. La sua origine pu\u00f2 essere fatta risalire alla cometa 109P\/Swift-Tuttle. Con pochissime apparizioni, i Kappa Cignidi compaiono il 12 agosto e le Cefeidi il 17 agosto.<\/p>\n\t\t\t\t\t\t<\/div>\n\t\t\t\t<\/div>\n\t\t\t\t\t<\/div>\n\t\t<\/div>\n\t\t\t\t\t\t\t<\/div>\n\t\t<\/section>\n\t\t\t\t\t\t\t<\/div>\n\t\t","protected":false},"excerpt":{"rendered":"<p>Il cielo stellato ad agosto<\/p>\n","protected":false},"author":1,"featured_media":2788,"comment_status":"open","ping_status":"open","sticky":false,"template":"","format":"standard","meta":{"footnotes":""},"categories":[20],"tags":[],"acf":[],"yoast_head":"<!-- This site is optimized with the Yoast SEO plugin v20.11 - https:\/\/yoast.com\/wordpress\/plugins\/seo\/ -->\n<title>Il cielo stellato di agosto 2012 - Sternwarte<\/title>\n<meta name=\"robots\" content=\"index, follow, max-snippet:-1, max-image-preview:large, max-video-preview:-1\" \/>\n<link rel=\"canonical\" href=\"https:\/\/www.sternwarte.it\/it\/il-cielo-stellato-di-agosto-2012\/\" \/>\n<meta property=\"og:locale\" content=\"it_IT\" \/>\n<meta property=\"og:type\" content=\"article\" \/>\n<meta property=\"og:title\" content=\"Il cielo stellato di agosto 2012 - Sternwarte\" \/>\n<meta property=\"og:description\" content=\"Il cielo stellato ad agosto\" \/>\n<meta property=\"og:url\" content=\"https:\/\/www.sternwarte.it\/it\/il-cielo-stellato-di-agosto-2012\/\" \/>\n<meta property=\"og:site_name\" content=\"Sternwarte\" \/>\n<meta property=\"article:published_time\" content=\"2012-08-02T16:20:00+00:00\" \/>\n<meta property=\"article:modified_time\" content=\"2023-12-19T17:53:56+00:00\" \/>\n<meta property=\"og:image\" content=\"https:\/\/www.sternwarte.it\/wp-content\/uploads\/2023\/07\/2007-11-07-Stephans-Quintett.jpg\" \/>\n\t<meta property=\"og:image:width\" content=\"1600\" \/>\n\t<meta property=\"og:image:height\" content=\"1200\" \/>\n\t<meta property=\"og:image:type\" content=\"image\/jpeg\" \/>\n<meta name=\"author\" content=\"admin\" \/>\n<meta name=\"twitter:card\" content=\"summary_large_image\" \/>\n<meta name=\"twitter:label1\" content=\"Scritto da\" \/>\n\t<meta name=\"twitter:data1\" content=\"admin\" \/>\n\t<meta name=\"twitter:label2\" content=\"Tempo di lettura stimato\" \/>\n\t<meta name=\"twitter:data2\" content=\"2 minuti\" \/>\n<script type=\"application\/ld+json\" class=\"yoast-schema-graph\">{\"@context\":\"https:\/\/schema.org\",\"@graph\":[{\"@type\":\"Article\",\"@id\":\"https:\/\/www.sternwarte.it\/it\/il-cielo-stellato-di-agosto-2012\/#article\",\"isPartOf\":{\"@id\":\"https:\/\/www.sternwarte.it\/it\/il-cielo-stellato-di-agosto-2012\/\"},\"author\":{\"name\":\"admin\",\"@id\":\"https:\/\/www.sternwarte.it\/it\/#\/schema\/person\/2669c65a28297c17e119b3f06374e99f\"},\"headline\":\"Il cielo stellato di agosto 2012\",\"datePublished\":\"2012-08-02T16:20:00+00:00\",\"dateModified\":\"2023-12-19T17:53:56+00:00\",\"mainEntityOfPage\":{\"@id\":\"https:\/\/www.sternwarte.it\/it\/il-cielo-stellato-di-agosto-2012\/\"},\"wordCount\":181,\"commentCount\":0,\"publisher\":{\"@id\":\"https:\/\/www.sternwarte.it\/it\/#organization\"},\"articleSection\":[\"Events IT\"],\"inLanguage\":\"it-IT\",\"potentialAction\":[{\"@type\":\"CommentAction\",\"name\":\"Comment\",\"target\":[\"https:\/\/www.sternwarte.it\/it\/il-cielo-stellato-di-agosto-2012\/#respond\"]}]},{\"@type\":\"WebPage\",\"@id\":\"https:\/\/www.sternwarte.it\/it\/il-cielo-stellato-di-agosto-2012\/\",\"url\":\"https:\/\/www.sternwarte.it\/it\/il-cielo-stellato-di-agosto-2012\/\",\"name\":\"Il cielo stellato di agosto 2012 - Sternwarte\",\"isPartOf\":{\"@id\":\"https:\/\/www.sternwarte.it\/it\/#website\"},\"datePublished\":\"2012-08-02T16:20:00+00:00\",\"dateModified\":\"2023-12-19T17:53:56+00:00\",\"breadcrumb\":{\"@id\":\"https:\/\/www.sternwarte.it\/it\/il-cielo-stellato-di-agosto-2012\/#breadcrumb\"},\"inLanguage\":\"it-IT\",\"potentialAction\":[{\"@type\":\"ReadAction\",\"target\":[\"https:\/\/www.sternwarte.it\/it\/il-cielo-stellato-di-agosto-2012\/\"]}]},{\"@type\":\"BreadcrumbList\",\"@id\":\"https:\/\/www.sternwarte.it\/it\/il-cielo-stellato-di-agosto-2012\/#breadcrumb\",\"itemListElement\":[{\"@type\":\"ListItem\",\"position\":1,\"name\":\"Startseite\",\"item\":\"https:\/\/www.sternwarte.it\/it\/\"},{\"@type\":\"ListItem\",\"position\":2,\"name\":\"Il cielo stellato di agosto 2012\"}]},{\"@type\":\"WebSite\",\"@id\":\"https:\/\/www.sternwarte.it\/it\/#website\",\"url\":\"https:\/\/www.sternwarte.it\/it\/\",\"name\":\"Sternwarte\",\"description\":\"\",\"publisher\":{\"@id\":\"https:\/\/www.sternwarte.it\/it\/#organization\"},\"potentialAction\":[{\"@type\":\"SearchAction\",\"target\":{\"@type\":\"EntryPoint\",\"urlTemplate\":\"https:\/\/www.sternwarte.it\/it\/?s={search_term_string}\"},\"query-input\":\"required name=search_term_string\"}],\"inLanguage\":\"it-IT\"},{\"@type\":\"Organization\",\"@id\":\"https:\/\/www.sternwarte.it\/it\/#organization\",\"name\":\"Sternwarte\",\"url\":\"https:\/\/www.sternwarte.it\/it\/\",\"logo\":{\"@type\":\"ImageObject\",\"inLanguage\":\"it-IT\",\"@id\":\"https:\/\/www.sternwarte.it\/it\/#\/schema\/logo\/image\/\",\"url\":\"https:\/\/www.sternwarte.it\/wp-content\/uploads\/2023\/05\/Gruppe-2348.svg\",\"contentUrl\":\"https:\/\/www.sternwarte.it\/wp-content\/uploads\/2023\/05\/Gruppe-2348.svg\",\"width\":1321,\"height\":447,\"caption\":\"Sternwarte\"},\"image\":{\"@id\":\"https:\/\/www.sternwarte.it\/it\/#\/schema\/logo\/image\/\"}},{\"@type\":\"Person\",\"@id\":\"https:\/\/www.sternwarte.it\/it\/#\/schema\/person\/2669c65a28297c17e119b3f06374e99f\",\"name\":\"admin\",\"image\":{\"@type\":\"ImageObject\",\"inLanguage\":\"it-IT\",\"@id\":\"https:\/\/www.sternwarte.it\/it\/#\/schema\/person\/image\/\",\"url\":\"https:\/\/secure.gravatar.com\/avatar\/df82b2ef1d9186a6772551023a8d114a?s=96&d=mm&r=g\",\"contentUrl\":\"https:\/\/secure.gravatar.com\/avatar\/df82b2ef1d9186a6772551023a8d114a?s=96&d=mm&r=g\",\"caption\":\"admin\"},\"sameAs\":[\"https:\/\/sternwarte.it\"],\"url\":\"https:\/\/www.sternwarte.it\/it\/author\/info_45kxpdat\/\"}]}<\/script>\n<!-- \/ Yoast SEO plugin. -->","yoast_head_json":{"title":"Il cielo stellato di agosto 2012 - Sternwarte","robots":{"index":"index","follow":"follow","max-snippet":"max-snippet:-1","max-image-preview":"max-image-preview:large","max-video-preview":"max-video-preview:-1"},"canonical":"https:\/\/www.sternwarte.it\/it\/il-cielo-stellato-di-agosto-2012\/","og_locale":"it_IT","og_type":"article","og_title":"Il cielo stellato di agosto 2012 - Sternwarte","og_description":"Il cielo stellato ad agosto","og_url":"https:\/\/www.sternwarte.it\/it\/il-cielo-stellato-di-agosto-2012\/","og_site_name":"Sternwarte","article_published_time":"2012-08-02T16:20:00+00:00","article_modified_time":"2023-12-19T17:53:56+00:00","og_image":[{"width":1600,"height":1200,"url":"https:\/\/www.sternwarte.it\/wp-content\/uploads\/2023\/07\/2007-11-07-Stephans-Quintett.jpg","type":"image\/jpeg"}],"author":"admin","twitter_card":"summary_large_image","twitter_misc":{"Scritto da":"admin","Tempo di lettura stimato":"2 minuti"},"schema":{"@context":"https:\/\/schema.org","@graph":[{"@type":"Article","@id":"https:\/\/www.sternwarte.it\/it\/il-cielo-stellato-di-agosto-2012\/#article","isPartOf":{"@id":"https:\/\/www.sternwarte.it\/it\/il-cielo-stellato-di-agosto-2012\/"},"author":{"name":"admin","@id":"https:\/\/www.sternwarte.it\/it\/#\/schema\/person\/2669c65a28297c17e119b3f06374e99f"},"headline":"Il cielo stellato di agosto 2012","datePublished":"2012-08-02T16:20:00+00:00","dateModified":"2023-12-19T17:53:56+00:00","mainEntityOfPage":{"@id":"https:\/\/www.sternwarte.it\/it\/il-cielo-stellato-di-agosto-2012\/"},"wordCount":181,"commentCount":0,"publisher":{"@id":"https:\/\/www.sternwarte.it\/it\/#organization"},"articleSection":["Events IT"],"inLanguage":"it-IT","potentialAction":[{"@type":"CommentAction","name":"Comment","target":["https:\/\/www.sternwarte.it\/it\/il-cielo-stellato-di-agosto-2012\/#respond"]}]},{"@type":"WebPage","@id":"https:\/\/www.sternwarte.it\/it\/il-cielo-stellato-di-agosto-2012\/","url":"https:\/\/www.sternwarte.it\/it\/il-cielo-stellato-di-agosto-2012\/","name":"Il cielo stellato di agosto 2012 - Sternwarte","isPartOf":{"@id":"https:\/\/www.sternwarte.it\/it\/#website"},"datePublished":"2012-08-02T16:20:00+00:00","dateModified":"2023-12-19T17:53:56+00:00","breadcrumb":{"@id":"https:\/\/www.sternwarte.it\/it\/il-cielo-stellato-di-agosto-2012\/#breadcrumb"},"inLanguage":"it-IT","potentialAction":[{"@type":"ReadAction","target":["https:\/\/www.sternwarte.it\/it\/il-cielo-stellato-di-agosto-2012\/"]}]},{"@type":"BreadcrumbList","@id":"https:\/\/www.sternwarte.it\/it\/il-cielo-stellato-di-agosto-2012\/#breadcrumb","itemListElement":[{"@type":"ListItem","position":1,"name":"Startseite","item":"https:\/\/www.sternwarte.it\/it\/"},{"@type":"ListItem","position":2,"name":"Il cielo stellato di agosto 2012"}]},{"@type":"WebSite","@id":"https:\/\/www.sternwarte.it\/it\/#website","url":"https:\/\/www.sternwarte.it\/it\/","name":"Sternwarte","description":"","publisher":{"@id":"https:\/\/www.sternwarte.it\/it\/#organization"},"potentialAction":[{"@type":"SearchAction","target":{"@type":"EntryPoint","urlTemplate":"https:\/\/www.sternwarte.it\/it\/?s={search_term_string}"},"query-input":"required name=search_term_string"}],"inLanguage":"it-IT"},{"@type":"Organization","@id":"https:\/\/www.sternwarte.it\/it\/#organization","name":"Sternwarte","url":"https:\/\/www.sternwarte.it\/it\/","logo":{"@type":"ImageObject","inLanguage":"it-IT","@id":"https:\/\/www.sternwarte.it\/it\/#\/schema\/logo\/image\/","url":"https:\/\/www.sternwarte.it\/wp-content\/uploads\/2023\/05\/Gruppe-2348.svg","contentUrl":"https:\/\/www.sternwarte.it\/wp-content\/uploads\/2023\/05\/Gruppe-2348.svg","width":1321,"height":447,"caption":"Sternwarte"},"image":{"@id":"https:\/\/www.sternwarte.it\/it\/#\/schema\/logo\/image\/"}},{"@type":"Person","@id":"https:\/\/www.sternwarte.it\/it\/#\/schema\/person\/2669c65a28297c17e119b3f06374e99f","name":"admin","image":{"@type":"ImageObject","inLanguage":"it-IT","@id":"https:\/\/www.sternwarte.it\/it\/#\/schema\/person\/image\/","url":"https:\/\/secure.gravatar.com\/avatar\/df82b2ef1d9186a6772551023a8d114a?s=96&d=mm&r=g","contentUrl":"https:\/\/secure.gravatar.com\/avatar\/df82b2ef1d9186a6772551023a8d114a?s=96&d=mm&r=g","caption":"admin"},"sameAs":["https:\/\/sternwarte.it"],"url":"https:\/\/www.sternwarte.it\/it\/author\/info_45kxpdat\/"}]}},"_links":{"self":[{"href":"https:\/\/www.sternwarte.it\/it\/wp-json\/wp\/v2\/posts\/4877"}],"collection":[{"href":"https:\/\/www.sternwarte.it\/it\/wp-json\/wp\/v2\/posts"}],"about":[{"href":"https:\/\/www.sternwarte.it\/it\/wp-json\/wp\/v2\/types\/post"}],"author":[{"embeddable":true,"href":"https:\/\/www.sternwarte.it\/it\/wp-json\/wp\/v2\/users\/1"}],"replies":[{"embeddable":true,"href":"https:\/\/www.sternwarte.it\/it\/wp-json\/wp\/v2\/comments?post=4877"}],"version-history":[{"count":3,"href":"https:\/\/www.sternwarte.it\/it\/wp-json\/wp\/v2\/posts\/4877\/revisions"}],"predecessor-version":[{"id":5027,"href":"https:\/\/www.sternwarte.it\/it\/wp-json\/wp\/v2\/posts\/4877\/revisions\/5027"}],"wp:featuredmedia":[{"embeddable":true,"href":"https:\/\/www.sternwarte.it\/it\/wp-json\/wp\/v2\/media\/2788"}],"wp:attachment":[{"href":"https:\/\/www.sternwarte.it\/it\/wp-json\/wp\/v2\/media?parent=4877"}],"wp:term":[{"taxonomy":"category","embeddable":true,"href":"https:\/\/www.sternwarte.it\/it\/wp-json\/wp\/v2\/categories?post=4877"},{"taxonomy":"post_tag","embeddable":true,"href":"https:\/\/www.sternwarte.it\/it\/wp-json\/wp\/v2\/tags?post=4877"}],"curies":[{"name":"wp","href":"https:\/\/api.w.org\/{rel}","templated":true}]}}