{"id":4972,"date":"2013-04-01T17:23:00","date_gmt":"2013-04-01T17:23:00","guid":{"rendered":"https:\/\/www.sternwarte.it\/il-cielo-stellato-di-aprile-2013\/"},"modified":"2023-12-19T17:49:00","modified_gmt":"2023-12-19T17:49:00","slug":"il-cielo-stellato-di-aprile-2013","status":"publish","type":"post","link":"https:\/\/www.sternwarte.it\/it\/il-cielo-stellato-di-aprile-2013\/","title":{"rendered":"Il cielo stellato di aprile 2013"},"content":{"rendered":"\t\t<div data-elementor-type=\"wp-post\" data-elementor-id=\"4972\" class=\"elementor elementor-4972 elementor-4964\" data-elementor-post-type=\"post\">\n\t\t\t\t\t\t\t\t\t<section class=\"ob-is-breaking-bad elementor-section elementor-top-section elementor-element elementor-element-3f9b83b4 elementor-section-boxed elementor-section-height-default elementor-section-height-default\" data-id=\"3f9b83b4\" data-element_type=\"section\" data-settings=\"{&quot;_ob_bbad_use_it&quot;:&quot;yes&quot;,&quot;_ob_bbad_sssic_use&quot;:&quot;no&quot;,&quot;_ob_glider_is_slider&quot;:&quot;no&quot;}\">\n\t\t\t\t\t\t<div class=\"elementor-container elementor-column-gap-default\">\n\t\t\t\t\t<div class=\"elementor-column elementor-col-100 elementor-top-column elementor-element elementor-element-4d8e74e1\" data-id=\"4d8e74e1\" data-element_type=\"column\" data-settings=\"{&quot;_ob_bbad_is_stalker&quot;:&quot;no&quot;,&quot;_ob_teleporter_use&quot;:false,&quot;_ob_column_hoveranimator&quot;:&quot;no&quot;,&quot;_ob_column_has_pseudo&quot;:&quot;no&quot;}\">\n\t\t\t<div class=\"elementor-widget-wrap elementor-element-populated\">\n\t\t\t\t\t\t\t\t<div class=\"elementor-element elementor-element-63a627e0 ob-harakiri-inherit ob-has-background-overlay elementor-widget elementor-widget-text-editor\" data-id=\"63a627e0\" data-element_type=\"widget\" data-settings=\"{&quot;_ob_use_harakiri&quot;:&quot;yes&quot;,&quot;_ob_harakiri_writing_mode&quot;:&quot;inherit&quot;,&quot;_ob_postman_use&quot;:&quot;no&quot;,&quot;_ob_perspektive_use&quot;:&quot;no&quot;,&quot;_ob_poopart_use&quot;:&quot;yes&quot;,&quot;_ob_shadough_use&quot;:&quot;no&quot;,&quot;_ob_allow_hoveranimator&quot;:&quot;no&quot;,&quot;_ob_widget_stalker_use&quot;:&quot;no&quot;}\" data-widget_type=\"text-editor.default\">\n\t\t\t\t<div class=\"elementor-widget-container\">\n\t\t\t<style>\/*! elementor - v3.14.0 - 26-06-2023 *\/\n.elementor-widget-text-editor.elementor-drop-cap-view-stacked .elementor-drop-cap{background-color:#69727d;color:#fff}.elementor-widget-text-editor.elementor-drop-cap-view-framed .elementor-drop-cap{color:#69727d;border:3px solid;background-color:transparent}.elementor-widget-text-editor:not(.elementor-drop-cap-view-default) .elementor-drop-cap{margin-top:8px}.elementor-widget-text-editor:not(.elementor-drop-cap-view-default) .elementor-drop-cap-letter{width:1em;height:1em}.elementor-widget-text-editor .elementor-drop-cap{float:left;text-align:center;line-height:1;font-size:50px}.elementor-widget-text-editor .elementor-drop-cap-letter{display:inline-block}<\/style>\t\t\t\t<p>Costellazioni<br \/>Le costellazioni primaverili dominano ora il nostro cielo notturno. L\u2019Orsa Maggiore \u00e8 gi\u00e0 quasi al suo apice; Il Leone passa al meridiano e nel sud-est si pu\u00f2 osservare la costellazione della Vergine con la stella principale Spica. Bootes con la stella Arturo \u00e8 gi\u00e0 alta a est del cielo stellato.<\/p>\n<p>giorno \/ notte<br \/>Le giornate si stanno allungando di nuovo. L&#8217;osservazione notturna \u00e8 ridotta a 10 ore per notte.<\/p>\n<p>Luna<br \/>Aprile inizia con la luna calante (luna nuova: mercoled\u00ec 10 aprile). Gioved\u00ec 25 aprile apparir\u00e0 come la luna piena nel cielo notturno. Il risultato \u00e8 uno spettacolo raro: la Luna, la Terra e il Sole sono in linea e possiamo osservare un&#8217;eclissi lunare parziale che inizia alle 20:02 e termina alle 00:13. Il massimo \u00e8 alle 22:07.<\/p>\n<p>Pianeti<br \/>MERCURIO: non visibile.<br \/>VENERE: non visibile.<br \/>MARTE: non visibile.<br \/>GIOVE: osservabile fino alle ore 00:15; mag -2,1.<br \/>SATURNO: Saturno pu\u00f2 essere osservato dalle 20:57; mag 0,2.<br \/>URANO: non visibile.<br \/>NETTUNO: non visibile.<br \/>PLUTONE: osservabile dalle 1:55 a mag 14.1.<\/p>\n<p>CORRENTI METEORICHE<br \/>Nel mese di aprile le Verginidi possono essere osservate il 10 aprile con solo poche apparizioni nel cielo notturno. Il 22 aprile, invece, le Liridi si presentano con dalle 10 alle 20 presenze all&#8217;ora.<\/p>\n\t\t\t\t\t\t<\/div>\n\t\t\t\t<\/div>\n\t\t\t\t\t<\/div>\n\t\t<\/div>\n\t\t\t\t\t\t\t<\/div>\n\t\t<\/section>\n\t\t\t\t\t\t\t<\/div>\n\t\t","protected":false},"excerpt":{"rendered":"<p>Il cielo stellato di aprile<\/p>\n","protected":false},"author":1,"featured_media":3414,"comment_status":"open","ping_status":"open","sticky":false,"template":"","format":"standard","meta":{"footnotes":""},"categories":[20],"tags":[],"acf":[],"yoast_head":"<!-- This site is optimized with the Yoast SEO plugin v20.11 - https:\/\/yoast.com\/wordpress\/plugins\/seo\/ -->\n<title>Il cielo stellato di aprile 2013 - Sternwarte<\/title>\n<meta name=\"robots\" content=\"index, follow, max-snippet:-1, max-image-preview:large, max-video-preview:-1\" \/>\n<link rel=\"canonical\" href=\"https:\/\/www.sternwarte.it\/it\/il-cielo-stellato-di-aprile-2013\/\" \/>\n<meta property=\"og:locale\" content=\"it_IT\" \/>\n<meta property=\"og:type\" content=\"article\" \/>\n<meta property=\"og:title\" content=\"Il cielo stellato di aprile 2013 - Sternwarte\" \/>\n<meta property=\"og:description\" content=\"Il cielo stellato di aprile\" \/>\n<meta property=\"og:url\" content=\"https:\/\/www.sternwarte.it\/it\/il-cielo-stellato-di-aprile-2013\/\" \/>\n<meta property=\"og:site_name\" content=\"Sternwarte\" \/>\n<meta property=\"article:published_time\" content=\"2013-04-01T17:23:00+00:00\" \/>\n<meta property=\"article:modified_time\" content=\"2023-12-19T17:49:00+00:00\" \/>\n<meta property=\"og:image\" content=\"https:\/\/www.sternwarte.it\/wp-content\/uploads\/2023\/11\/News-SternenhimmelFebruar2011.jpg\" \/>\n\t<meta property=\"og:image:width\" content=\"789\" \/>\n\t<meta property=\"og:image:height\" content=\"703\" \/>\n\t<meta property=\"og:image:type\" content=\"image\/jpeg\" \/>\n<meta name=\"author\" content=\"admin\" \/>\n<meta name=\"twitter:card\" content=\"summary_large_image\" \/>\n<meta name=\"twitter:label1\" content=\"Scritto da\" \/>\n\t<meta name=\"twitter:data1\" content=\"admin\" \/>\n\t<meta name=\"twitter:label2\" content=\"Tempo di lettura stimato\" \/>\n\t<meta name=\"twitter:data2\" content=\"2 minuti\" \/>\n<script type=\"application\/ld+json\" class=\"yoast-schema-graph\">{\"@context\":\"https:\/\/schema.org\",\"@graph\":[{\"@type\":\"Article\",\"@id\":\"https:\/\/www.sternwarte.it\/it\/il-cielo-stellato-di-aprile-2013\/#article\",\"isPartOf\":{\"@id\":\"https:\/\/www.sternwarte.it\/it\/il-cielo-stellato-di-aprile-2013\/\"},\"author\":{\"name\":\"admin\",\"@id\":\"https:\/\/www.sternwarte.it\/it\/#\/schema\/person\/2669c65a28297c17e119b3f06374e99f\"},\"headline\":\"Il cielo stellato di aprile 2013\",\"datePublished\":\"2013-04-01T17:23:00+00:00\",\"dateModified\":\"2023-12-19T17:49:00+00:00\",\"mainEntityOfPage\":{\"@id\":\"https:\/\/www.sternwarte.it\/it\/il-cielo-stellato-di-aprile-2013\/\"},\"wordCount\":192,\"commentCount\":0,\"publisher\":{\"@id\":\"https:\/\/www.sternwarte.it\/it\/#organization\"},\"articleSection\":[\"Events IT\"],\"inLanguage\":\"it-IT\",\"potentialAction\":[{\"@type\":\"CommentAction\",\"name\":\"Comment\",\"target\":[\"https:\/\/www.sternwarte.it\/it\/il-cielo-stellato-di-aprile-2013\/#respond\"]}]},{\"@type\":\"WebPage\",\"@id\":\"https:\/\/www.sternwarte.it\/it\/il-cielo-stellato-di-aprile-2013\/\",\"url\":\"https:\/\/www.sternwarte.it\/it\/il-cielo-stellato-di-aprile-2013\/\",\"name\":\"Il cielo stellato di aprile 2013 - Sternwarte\",\"isPartOf\":{\"@id\":\"https:\/\/www.sternwarte.it\/it\/#website\"},\"datePublished\":\"2013-04-01T17:23:00+00:00\",\"dateModified\":\"2023-12-19T17:49:00+00:00\",\"breadcrumb\":{\"@id\":\"https:\/\/www.sternwarte.it\/it\/il-cielo-stellato-di-aprile-2013\/#breadcrumb\"},\"inLanguage\":\"it-IT\",\"potentialAction\":[{\"@type\":\"ReadAction\",\"target\":[\"https:\/\/www.sternwarte.it\/it\/il-cielo-stellato-di-aprile-2013\/\"]}]},{\"@type\":\"BreadcrumbList\",\"@id\":\"https:\/\/www.sternwarte.it\/it\/il-cielo-stellato-di-aprile-2013\/#breadcrumb\",\"itemListElement\":[{\"@type\":\"ListItem\",\"position\":1,\"name\":\"Startseite\",\"item\":\"https:\/\/www.sternwarte.it\/it\/\"},{\"@type\":\"ListItem\",\"position\":2,\"name\":\"Il cielo stellato di aprile 2013\"}]},{\"@type\":\"WebSite\",\"@id\":\"https:\/\/www.sternwarte.it\/it\/#website\",\"url\":\"https:\/\/www.sternwarte.it\/it\/\",\"name\":\"Sternwarte\",\"description\":\"\",\"publisher\":{\"@id\":\"https:\/\/www.sternwarte.it\/it\/#organization\"},\"potentialAction\":[{\"@type\":\"SearchAction\",\"target\":{\"@type\":\"EntryPoint\",\"urlTemplate\":\"https:\/\/www.sternwarte.it\/it\/?s={search_term_string}\"},\"query-input\":\"required name=search_term_string\"}],\"inLanguage\":\"it-IT\"},{\"@type\":\"Organization\",\"@id\":\"https:\/\/www.sternwarte.it\/it\/#organization\",\"name\":\"Sternwarte\",\"url\":\"https:\/\/www.sternwarte.it\/it\/\",\"logo\":{\"@type\":\"ImageObject\",\"inLanguage\":\"it-IT\",\"@id\":\"https:\/\/www.sternwarte.it\/it\/#\/schema\/logo\/image\/\",\"url\":\"https:\/\/www.sternwarte.it\/wp-content\/uploads\/2023\/05\/Gruppe-2348.svg\",\"contentUrl\":\"https:\/\/www.sternwarte.it\/wp-content\/uploads\/2023\/05\/Gruppe-2348.svg\",\"width\":1321,\"height\":447,\"caption\":\"Sternwarte\"},\"image\":{\"@id\":\"https:\/\/www.sternwarte.it\/it\/#\/schema\/logo\/image\/\"}},{\"@type\":\"Person\",\"@id\":\"https:\/\/www.sternwarte.it\/it\/#\/schema\/person\/2669c65a28297c17e119b3f06374e99f\",\"name\":\"admin\",\"image\":{\"@type\":\"ImageObject\",\"inLanguage\":\"it-IT\",\"@id\":\"https:\/\/www.sternwarte.it\/it\/#\/schema\/person\/image\/\",\"url\":\"https:\/\/secure.gravatar.com\/avatar\/df82b2ef1d9186a6772551023a8d114a?s=96&d=mm&r=g\",\"contentUrl\":\"https:\/\/secure.gravatar.com\/avatar\/df82b2ef1d9186a6772551023a8d114a?s=96&d=mm&r=g\",\"caption\":\"admin\"},\"sameAs\":[\"https:\/\/sternwarte.it\"],\"url\":\"https:\/\/www.sternwarte.it\/it\/author\/info_45kxpdat\/\"}]}<\/script>\n<!-- \/ Yoast SEO plugin. -->","yoast_head_json":{"title":"Il cielo stellato di aprile 2013 - Sternwarte","robots":{"index":"index","follow":"follow","max-snippet":"max-snippet:-1","max-image-preview":"max-image-preview:large","max-video-preview":"max-video-preview:-1"},"canonical":"https:\/\/www.sternwarte.it\/it\/il-cielo-stellato-di-aprile-2013\/","og_locale":"it_IT","og_type":"article","og_title":"Il cielo stellato di aprile 2013 - Sternwarte","og_description":"Il cielo stellato di aprile","og_url":"https:\/\/www.sternwarte.it\/it\/il-cielo-stellato-di-aprile-2013\/","og_site_name":"Sternwarte","article_published_time":"2013-04-01T17:23:00+00:00","article_modified_time":"2023-12-19T17:49:00+00:00","og_image":[{"width":789,"height":703,"url":"https:\/\/www.sternwarte.it\/wp-content\/uploads\/2023\/11\/News-SternenhimmelFebruar2011.jpg","type":"image\/jpeg"}],"author":"admin","twitter_card":"summary_large_image","twitter_misc":{"Scritto da":"admin","Tempo di lettura stimato":"2 minuti"},"schema":{"@context":"https:\/\/schema.org","@graph":[{"@type":"Article","@id":"https:\/\/www.sternwarte.it\/it\/il-cielo-stellato-di-aprile-2013\/#article","isPartOf":{"@id":"https:\/\/www.sternwarte.it\/it\/il-cielo-stellato-di-aprile-2013\/"},"author":{"name":"admin","@id":"https:\/\/www.sternwarte.it\/it\/#\/schema\/person\/2669c65a28297c17e119b3f06374e99f"},"headline":"Il cielo stellato di aprile 2013","datePublished":"2013-04-01T17:23:00+00:00","dateModified":"2023-12-19T17:49:00+00:00","mainEntityOfPage":{"@id":"https:\/\/www.sternwarte.it\/it\/il-cielo-stellato-di-aprile-2013\/"},"wordCount":192,"commentCount":0,"publisher":{"@id":"https:\/\/www.sternwarte.it\/it\/#organization"},"articleSection":["Events IT"],"inLanguage":"it-IT","potentialAction":[{"@type":"CommentAction","name":"Comment","target":["https:\/\/www.sternwarte.it\/it\/il-cielo-stellato-di-aprile-2013\/#respond"]}]},{"@type":"WebPage","@id":"https:\/\/www.sternwarte.it\/it\/il-cielo-stellato-di-aprile-2013\/","url":"https:\/\/www.sternwarte.it\/it\/il-cielo-stellato-di-aprile-2013\/","name":"Il cielo stellato di aprile 2013 - Sternwarte","isPartOf":{"@id":"https:\/\/www.sternwarte.it\/it\/#website"},"datePublished":"2013-04-01T17:23:00+00:00","dateModified":"2023-12-19T17:49:00+00:00","breadcrumb":{"@id":"https:\/\/www.sternwarte.it\/it\/il-cielo-stellato-di-aprile-2013\/#breadcrumb"},"inLanguage":"it-IT","potentialAction":[{"@type":"ReadAction","target":["https:\/\/www.sternwarte.it\/it\/il-cielo-stellato-di-aprile-2013\/"]}]},{"@type":"BreadcrumbList","@id":"https:\/\/www.sternwarte.it\/it\/il-cielo-stellato-di-aprile-2013\/#breadcrumb","itemListElement":[{"@type":"ListItem","position":1,"name":"Startseite","item":"https:\/\/www.sternwarte.it\/it\/"},{"@type":"ListItem","position":2,"name":"Il cielo stellato di aprile 2013"}]},{"@type":"WebSite","@id":"https:\/\/www.sternwarte.it\/it\/#website","url":"https:\/\/www.sternwarte.it\/it\/","name":"Sternwarte","description":"","publisher":{"@id":"https:\/\/www.sternwarte.it\/it\/#organization"},"potentialAction":[{"@type":"SearchAction","target":{"@type":"EntryPoint","urlTemplate":"https:\/\/www.sternwarte.it\/it\/?s={search_term_string}"},"query-input":"required name=search_term_string"}],"inLanguage":"it-IT"},{"@type":"Organization","@id":"https:\/\/www.sternwarte.it\/it\/#organization","name":"Sternwarte","url":"https:\/\/www.sternwarte.it\/it\/","logo":{"@type":"ImageObject","inLanguage":"it-IT","@id":"https:\/\/www.sternwarte.it\/it\/#\/schema\/logo\/image\/","url":"https:\/\/www.sternwarte.it\/wp-content\/uploads\/2023\/05\/Gruppe-2348.svg","contentUrl":"https:\/\/www.sternwarte.it\/wp-content\/uploads\/2023\/05\/Gruppe-2348.svg","width":1321,"height":447,"caption":"Sternwarte"},"image":{"@id":"https:\/\/www.sternwarte.it\/it\/#\/schema\/logo\/image\/"}},{"@type":"Person","@id":"https:\/\/www.sternwarte.it\/it\/#\/schema\/person\/2669c65a28297c17e119b3f06374e99f","name":"admin","image":{"@type":"ImageObject","inLanguage":"it-IT","@id":"https:\/\/www.sternwarte.it\/it\/#\/schema\/person\/image\/","url":"https:\/\/secure.gravatar.com\/avatar\/df82b2ef1d9186a6772551023a8d114a?s=96&d=mm&r=g","contentUrl":"https:\/\/secure.gravatar.com\/avatar\/df82b2ef1d9186a6772551023a8d114a?s=96&d=mm&r=g","caption":"admin"},"sameAs":["https:\/\/sternwarte.it"],"url":"https:\/\/www.sternwarte.it\/it\/author\/info_45kxpdat\/"}]}},"_links":{"self":[{"href":"https:\/\/www.sternwarte.it\/it\/wp-json\/wp\/v2\/posts\/4972"}],"collection":[{"href":"https:\/\/www.sternwarte.it\/it\/wp-json\/wp\/v2\/posts"}],"about":[{"href":"https:\/\/www.sternwarte.it\/it\/wp-json\/wp\/v2\/types\/post"}],"author":[{"embeddable":true,"href":"https:\/\/www.sternwarte.it\/it\/wp-json\/wp\/v2\/users\/1"}],"replies":[{"embeddable":true,"href":"https:\/\/www.sternwarte.it\/it\/wp-json\/wp\/v2\/comments?post=4972"}],"version-history":[{"count":3,"href":"https:\/\/www.sternwarte.it\/it\/wp-json\/wp\/v2\/posts\/4972\/revisions"}],"predecessor-version":[{"id":5011,"href":"https:\/\/www.sternwarte.it\/it\/wp-json\/wp\/v2\/posts\/4972\/revisions\/5011"}],"wp:featuredmedia":[{"embeddable":true,"href":"https:\/\/www.sternwarte.it\/it\/wp-json\/wp\/v2\/media\/3414"}],"wp:attachment":[{"href":"https:\/\/www.sternwarte.it\/it\/wp-json\/wp\/v2\/media?parent=4972"}],"wp:term":[{"taxonomy":"category","embeddable":true,"href":"https:\/\/www.sternwarte.it\/it\/wp-json\/wp\/v2\/categories?post=4972"},{"taxonomy":"post_tag","embeddable":true,"href":"https:\/\/www.sternwarte.it\/it\/wp-json\/wp\/v2\/tags?post=4972"}],"curies":[{"name":"wp","href":"https:\/\/api.w.org\/{rel}","templated":true}]}}